{"id":9552,"date":"2021-04-16T22:52:35","date_gmt":"2021-04-16T20:52:35","guid":{"rendered":"https:\/\/www.sapim.com\/?p=9552"},"modified":"2023-11-30T14:19:47","modified_gmt":"2023-11-30T13:19:47","slug":"xiii-encuentro-empresarial-iberoamericano","status":"publish","type":"post","link":"https:\/\/www.sapim.com\/es\/2021\/04\/16\/xiii-encuentro-empresarial-iberoamericano\/","title":{"rendered":"XIII ENCUENTRO EMPRESARIAL IBEROAMERICANO"},"content":{"rendered":"\t\t<div data-elementor-type=\"wp-post\" data-elementor-id=\"9552\" class=\"elementor elementor-9552 elementor-9550\" data-elementor-post-type=\"post\">\n\t\t\t\t\t\t<section class=\"has_eae_slider elementor-section elementor-top-section elementor-element elementor-element-ca36294 elementor-section-boxed elementor-section-height-default elementor-section-height-default\" data-id=\"ca36294\" data-element_type=\"section\">\n\t\t\t\t\t\t<div class=\"elementor-container elementor-column-gap-default\">\n\t\t\t\t\t<div class=\"has_eae_slider elementor-column elementor-col-100 elementor-top-column elementor-element elementor-element-6413e45\" data-id=\"6413e45\" data-element_type=\"column\">\n\t\t\t<div class=\"elementor-widget-wrap elementor-element-populated\">\n\t\t\t\t\t\t<div class=\"elementor-element elementor-element-0315835 elementor-widget elementor-widget-heading\" data-id=\"0315835\" data-element_type=\"widget\" data-widget_type=\"heading.default\">\n\t\t\t\t<div class=\"elementor-widget-container\">\n\t\t\t<h2 class=\"elementor-heading-title elementor-size-default\">XIII ENCUENTRO EMPRESARIAL IBEROAMERICANO<\/h2>\t\t<\/div>\n\t\t\t\t<\/div>\n\t\t\t\t\t<\/div>\n\t\t<\/div>\n\t\t\t\t\t<\/div>\n\t\t<\/section>\n\t\t\t\t<section class=\"has_eae_slider elementor-section elementor-top-section elementor-element elementor-element-a239f66 elementor-section-boxed elementor-section-height-default elementor-section-height-default\" data-id=\"a239f66\" data-element_type=\"section\">\n\t\t\t\t\t\t<div class=\"elementor-container elementor-column-gap-default\">\n\t\t\t\t\t<div class=\"has_eae_slider elementor-column elementor-col-100 elementor-top-column elementor-element elementor-element-a23a628\" data-id=\"a23a628\" data-element_type=\"column\">\n\t\t\t<div class=\"elementor-widget-wrap elementor-element-populated\">\n\t\t\t\t\t\t<div class=\"elementor-element elementor-element-a23ad80 elementor-widget elementor-widget-stm_spacing\" data-id=\"a23ad80\" data-element_type=\"widget\" data-widget_type=\"stm_spacing.default\">\n\t\t\t\t<div class=\"elementor-widget-container\">\n\t\t\t<div class=\"stm-spacing\" id=\"stm-spacing-69f0b111506c0\"><\/div>\n<script>\n    (function($){\n        \"use strict\";\n        var spacingID = 'stm-spacing-69f0b111506c0',\n            lgSpacing = '6',\n            mdSpacing = '6',\n            smSpacing = '6',\n            xsSpacing = '6';\n\n        function stmSpacing() {\n            if ( window.matchMedia(\"(min-width: 1200px)\").matches && lgSpacing ) {\n                $( '#' + spacingID ).css ( \"height\", lgSpacing );\n            } else if ( window.matchMedia(\"(max-width: 1199px) and (min-width: 992px )\").matches && mdSpacing ) {\n                $( '#' + spacingID ).css ( \"height\", mdSpacing );\n            } else if ( window.matchMedia(\"(max-width: 991px) and (min-width: 768px )\").matches && smSpacing ) {\n                $( '#' + spacingID ).css ( \"height\", smSpacing );\n            } else if ( window.matchMedia(\"(max-width: 767px)\").matches && xsSpacing ) {\n                $( '#' + spacingID ).css ( \"height\", xsSpacing );\n            } else {\n                $( '#' + spacingID ).css ( \"height\", \"\" );\n            }\n        }\n\n        $(document).ready(function() {\n            stmSpacing();\n        });\n\n        $(window).resize(function() {\n            stmSpacing();\n        });\n\n    })(jQuery);\n<\/script>\t\t<\/div>\n\t\t\t\t<\/div>\n\t\t\t\t<div class=\"elementor-element elementor-element-91ede3e elementor-widget elementor-widget-image\" data-id=\"91ede3e\" data-element_type=\"widget\" data-widget_type=\"image.default\">\n\t\t\t\t<div class=\"elementor-widget-container\">\n\t\t\t\t\t\t\t\t\t\t\t\t\t<img fetchpriority=\"high\" decoding=\"async\" width=\"1024\" height=\"533\" src=\"https:\/\/www.sapim.com\/wp-content\/uploads\/2021\/04\/XIIIEncuentro-2w-1024x533.jpg\" class=\"attachment-large size-large wp-image-9448\" alt=\"Patent and Trademark Andorra\" srcset=\"https:\/\/www.sapim.com\/wp-content\/uploads\/2021\/04\/XIIIEncuentro-2w-1024x533.jpg 1024w, https:\/\/www.sapim.com\/wp-content\/uploads\/2021\/04\/XIIIEncuentro-2w-300x156.jpg 300w, https:\/\/www.sapim.com\/wp-content\/uploads\/2021\/04\/XIIIEncuentro-2w-768x400.jpg 768w, https:\/\/www.sapim.com\/wp-content\/uploads\/2021\/04\/XIIIEncuentro-2w-1536x800.jpg 1536w, https:\/\/www.sapim.com\/wp-content\/uploads\/2021\/04\/XIIIEncuentro-2w-900x469.jpg 900w, https:\/\/www.sapim.com\/wp-content\/uploads\/2021\/04\/XIIIEncuentro-2w.jpg 1920w\" sizes=\"(max-width: 1024px) 100vw, 1024px\" \/>\t\t\t\t\t\t\t\t\t\t\t\t\t<\/div>\n\t\t\t\t<\/div>\n\t\t\t\t<div class=\"elementor-element elementor-element-a23b40a elementor-widget elementor-widget-stm_spacing\" data-id=\"a23b40a\" data-element_type=\"widget\" data-widget_type=\"stm_spacing.default\">\n\t\t\t\t<div class=\"elementor-widget-container\">\n\t\t\t<div class=\"stm-spacing\" id=\"stm-spacing-69f0b111517ec\"><\/div>\n<script>\n    (function($){\n        \"use strict\";\n        var spacingID = 'stm-spacing-69f0b111517ec',\n            lgSpacing = '50',\n            mdSpacing = '50',\n            smSpacing = '50',\n            xsSpacing = '50';\n\n        function stmSpacing() {\n            if ( window.matchMedia(\"(min-width: 1200px)\").matches && lgSpacing ) {\n                $( '#' + spacingID ).css ( \"height\", lgSpacing );\n            } else if ( window.matchMedia(\"(max-width: 1199px) and (min-width: 992px )\").matches && mdSpacing ) {\n                $( '#' + spacingID ).css ( \"height\", mdSpacing );\n            } else if ( window.matchMedia(\"(max-width: 991px) and (min-width: 768px )\").matches && smSpacing ) {\n                $( '#' + spacingID ).css ( \"height\", smSpacing );\n            } else if ( window.matchMedia(\"(max-width: 767px)\").matches && xsSpacing ) {\n                $( '#' + spacingID ).css ( \"height\", xsSpacing );\n            } else {\n                $( '#' + spacingID ).css ( \"height\", \"\" );\n            }\n        }\n\n        $(document).ready(function() {\n            stmSpacing();\n        });\n\n        $(window).resize(function() {\n            stmSpacing();\n        });\n\n    })(jQuery);\n<\/script>\t\t<\/div>\n\t\t\t\t<\/div>\n\t\t\t\t\t<\/div>\n\t\t<\/div>\n\t\t\t\t\t<\/div>\n\t\t<\/section>\n\t\t\t\t<section class=\"has_eae_slider elementor-section elementor-top-section elementor-element elementor-element-a23b518 elementor-section-boxed elementor-section-height-default elementor-section-height-default\" data-id=\"a23b518\" data-element_type=\"section\">\n\t\t\t\t\t\t<div class=\"elementor-container elementor-column-gap-default\">\n\t\t\t\t\t<div class=\"has_eae_slider elementor-column elementor-col-16 elementor-top-column elementor-element elementor-element-a23bdc7 elementor-hidden-tablet elementor-hidden-phone\" data-id=\"a23bdc7\" data-element_type=\"column\">\n\t\t\t<div class=\"elementor-widget-wrap elementor-element-populated\">\n\t\t\t\t\t\t<div class=\"elementor-element elementor-element-a23c42c elementor-widget elementor-widget-stm_post_about_author\" data-id=\"a23c42c\" data-element_type=\"widget\" data-widget_type=\"stm_post_about_author.default\">\n\t\t\t\t<div class=\"elementor-widget-container\">\n\t\t\t<div class=\"about_author_wr  consulting_elementor_post_about_author\">\n    <div class=\"stm_post_about_author style_2\">\n    <div class=\"author_image\">\n        <img alt='' src='https:\/\/secure.gravatar.com\/avatar\/650c8282f0f4408974c2cd19d97029e9?s=60&#038;d=mm&#038;r=g' srcset='https:\/\/secure.gravatar.com\/avatar\/650c8282f0f4408974c2cd19d97029e9?s=120&#038;d=mm&#038;r=g 2x' class='avatar avatar-60 photo' height='60' width='60' \/>    <\/div>\n    <div class=\"author_info\">\n        <div class=\"author_name\">\n            <strong>sapim<\/strong>\n        <\/div>\n                    <div class=\"post_date\">\n                16 de abril de 2021            <\/div>\n            <\/div>\n<\/div>\n<\/div>\t\t<\/div>\n\t\t\t\t<\/div>\n\t\t\t\t\t<\/div>\n\t\t<\/div>\n\t\t\t\t<div class=\"has_eae_slider elementor-column elementor-col-100 elementor-top-column elementor-element elementor-element-a23c52f\" data-id=\"a23c52f\" data-element_type=\"column\" data-settings=\"{&quot;background_background&quot;:&quot;classic&quot;}\">\n\t\t\t<div class=\"elementor-widget-wrap elementor-element-populated\">\n\t\t\t\t\t\t<div class=\"elementor-element elementor-element-a23cbae elementor-widget elementor-widget-text-editor\" data-id=\"a23cbae\" data-element_type=\"widget\" data-widget_type=\"text-editor.default\">\n\t\t\t\t<div class=\"elementor-widget-container\">\n\t\t\t\t\t\t\t<h4 style=\"text-align: left;\"><strong>XIIII ENCUENTRO EMPRESARIAL IBEROAMERICANO<\/strong><\/h4>\n<p><strong>SAPIM (Sociedad de Andorra de Patentes y Marcas) asistir\u00e1, en la persona del director Sr.Josep Carbonell Gimeno, al XIII Encuentro Empresarial Iberoamericano que se celebrar\u00e1 en Andorra los pr\u00f3ximos dias 19-20 abril 2021.<\/strong><\/p>\n<p><strong>Este Encuentro Empresarial Iberoamericano, es la actividad oficial de la XXVII Cumbre Iberoamericana de Jefes de Estado y de Gobierno. Est\u00e1 organizada por la Secretaria General Iberoamericana-SEGIB, el Consejo de Empresarios Iberoamericanos-CEIB y la Confederaci\u00f3n Empresarial Andorrana-CEA.<\/strong><\/p>\n<p><strong>El Encuentro se centrar\u00e1 en la innovaci\u00f3n para el desarrollo sostenible y la recuperaci\u00f3n post COVID-19, con especial \u00e9nfasis en la innovaci\u00f3n en los aspectos sanitarios, sociales, econ\u00f3micos, jur\u00eddicos y medioambientales, tal como recoge su lema: \u201cInnovaci\u00f3n para el Desarrollo Sostenible. Objetivo 2030. Iberoam\u00e9rica frente al reto de coronavirus\u201d.<\/strong><\/p>\n<p><strong>Contar\u00e1 con la participaci\u00f3n de 22 paises y m\u00e1s de 50 conferenciantes.<\/strong><\/p>\n\t\t\t\t\t\t<\/div>\n\t\t\t\t<\/div>\n\t\t\t\t<section class=\"has_eae_slider elementor-section elementor-top-section elementor-element elementor-element-a23d066 elementor-section-boxed elementor-section-height-default elementor-section-height-default\" data-id=\"a23d066\" data-element_type=\"section\" data-settings=\"{&quot;background_background&quot;:&quot;classic&quot;}\">\n\t\t\t\t\t\t<div class=\"elementor-container elementor-column-gap-default\">\n\t\t\t\t\t<div class=\"has_eae_slider elementor-column elementor-col-50 elementor-top-column elementor-element elementor-element-a23d760\" data-id=\"a23d760\" data-element_type=\"column\">\n\t\t\t<div class=\"elementor-widget-wrap elementor-element-populated\">\n\t\t\t\t\t\t\t<\/div>\n\t\t<\/div>\n\t\t\t\t<div class=\"has_eae_slider elementor-column elementor-col-50 elementor-top-column elementor-element elementor-element-a23e08e\" data-id=\"a23e08e\" data-element_type=\"column\">\n\t\t\t<div class=\"elementor-widget-wrap elementor-element-populated\">\n\t\t\t\t\t\t\t<\/div>\n\t\t<\/div>\n\t\t\t\t\t<\/div>\n\t\t<\/section>\n\t\t\t\t<div class=\"elementor-element elementor-element-a23ef09 elementor-widget elementor-widget-stm_spacing\" data-id=\"a23ef09\" data-element_type=\"widget\" data-widget_type=\"stm_spacing.default\">\n\t\t\t\t<div class=\"elementor-widget-container\">\n\t\t\t<div class=\"stm-spacing\" id=\"stm-spacing-69f0b11156131\"><\/div>\n<script>\n    (function($){\n        \"use strict\";\n        var spacingID = 'stm-spacing-69f0b11156131',\n            lgSpacing = '80',\n            mdSpacing = '80',\n            smSpacing = '30',\n            xsSpacing = '20';\n\n        function stmSpacing() {\n            if ( window.matchMedia(\"(min-width: 1200px)\").matches && lgSpacing ) {\n                $( '#' + spacingID ).css ( \"height\", lgSpacing );\n            } else if ( window.matchMedia(\"(max-width: 1199px) and (min-width: 992px )\").matches && mdSpacing ) {\n                $( '#' + spacingID ).css ( \"height\", mdSpacing );\n            } else if ( window.matchMedia(\"(max-width: 991px) and (min-width: 768px )\").matches && smSpacing ) {\n                $( '#' + spacingID ).css ( \"height\", smSpacing );\n            } else if ( window.matchMedia(\"(max-width: 767px)\").matches && xsSpacing ) {\n                $( '#' + spacingID ).css ( \"height\", xsSpacing );\n            } else {\n                $( '#' + spacingID ).css ( \"height\", \"\" );\n            }\n        }\n\n        $(document).ready(function() {\n            stmSpacing();\n        });\n\n        $(window).resize(function() {\n            stmSpacing();\n        });\n\n    })(jQuery);\n<\/script>\t\t<\/div>\n\t\t\t\t<\/div>\n\t\t\t\t\t<\/div>\n\t\t<\/div>\n\t\t\t\t<div class=\"has_eae_slider elementor-column elementor-col-16 elementor-top-column elementor-element elementor-element-a23efd6 elementor-hidden-tablet elementor-hidden-phone\" data-id=\"a23efd6\" data-element_type=\"column\">\n\t\t\t<div class=\"elementor-widget-wrap elementor-element-populated\">\n\t\t\t\t\t\t<div class=\"elementor-element elementor-element-a23f4f6 elementor-widget elementor-widget-stm_share_buttons\" data-id=\"a23f4f6\" data-element_type=\"widget\" data-widget_type=\"stm_share_buttons.default\">\n\t\t\t\t<div class=\"elementor-widget-container\">\n\t\t\t<div class=\"stm_share_buttons   consulting_elementor_share_buttons\">\n    <\/div>\t\t<\/div>\n\t\t\t\t<\/div>\n\t\t\t\t\t<\/div>\n\t\t<\/div>\n\t\t\t\t\t<\/div>\n\t\t<\/section>\n\t\t\t\t<\/div>\n\t\t","protected":false},"excerpt":{"rendered":"<p>SAPIM (Sociedad de Andorra de Patentes y Marcas) asistir\u00e1, en la persona del director Sr.Josep Carbonell Gimeno, al XIII Encuentro Empresarial Iberoamericano que se celebrar\u00e1 en Andorra los pr\u00f3ximos dias 19-20 abril 2021.<\/p>\n","protected":false},"author":2,"featured_media":9433,"comment_status":"closed","ping_status":"closed","sticky":false,"template":"","format":"standard","meta":{"footnotes":""},"categories":[62],"tags":[79,86,80],"class_list":["post-9552","post","type-post","status-publish","format-standard","has-post-thumbnail","hentry","category-sapim","tag-dominis-es","tag-marques-es","tag-patents-es"],"aioseo_notices":[],"_links":{"self":[{"href":"https:\/\/www.sapim.com\/es\/wp-json\/wp\/v2\/posts\/9552"}],"collection":[{"href":"https:\/\/www.sapim.com\/es\/wp-json\/wp\/v2\/posts"}],"about":[{"href":"https:\/\/www.sapim.com\/es\/wp-json\/wp\/v2\/types\/post"}],"author":[{"embeddable":true,"href":"https:\/\/www.sapim.com\/es\/wp-json\/wp\/v2\/users\/2"}],"replies":[{"embeddable":true,"href":"https:\/\/www.sapim.com\/es\/wp-json\/wp\/v2\/comments?post=9552"}],"version-history":[{"count":4,"href":"https:\/\/www.sapim.com\/es\/wp-json\/wp\/v2\/posts\/9552\/revisions"}],"predecessor-version":[{"id":9990,"href":"https:\/\/www.sapim.com\/es\/wp-json\/wp\/v2\/posts\/9552\/revisions\/9990"}],"wp:featuredmedia":[{"embeddable":true,"href":"https:\/\/www.sapim.com\/es\/wp-json\/wp\/v2\/media\/9433"}],"wp:attachment":[{"href":"https:\/\/www.sapim.com\/es\/wp-json\/wp\/v2\/media?parent=9552"}],"wp:term":[{"taxonomy":"category","embeddable":true,"href":"https:\/\/www.sapim.com\/es\/wp-json\/wp\/v2\/categories?post=9552"},{"taxonomy":"post_tag","embeddable":true,"href":"https:\/\/www.sapim.com\/es\/wp-json\/wp\/v2\/tags?post=9552"}],"curies":[{"name":"wp","href":"https:\/\/api.w.org\/{rel}","templated":true}]}}